{"id":5654,"date":"2023-02-13T08:15:49","date_gmt":"2023-02-13T07:15:49","guid":{"rendered":"https:\/\/grupoaza.es\/?p=5654"},"modified":"2023-02-16T17:05:14","modified_gmt":"2023-02-16T16:05:14","slug":"nautica-aza-vuelve-a-dusseldorf","status":"publish","type":"post","link":"https:\/\/grupoaza.es\/en\/nautica\/","title":{"rendered":"N\u00e1utica"},"content":{"rendered":"<p class=\"qtranxs-available-languages-message qtranxs-available-languages-message-en\">Sorry, this entry is only available in <a href=\"https:\/\/grupoaza.es\/es\/wp-json\/wp\/v2\/posts\/5654\" class=\"qtranxs-available-language-link qtranxs-available-language-link-es\" title=\"Espa\u00f1ol\">European Spanish<\/a>.<\/p>","protected":false},"excerpt":{"rendered":"<p class=\"qtranxs-available-languages-message qtranxs-available-languages-message-en\">Sorry, this entry is only available in <a href=\"https:\/\/grupoaza.es\/es\/wp-json\/wp\/v2\/posts\/5654\" class=\"qtranxs-available-language-link qtranxs-available-language-link-es\" title=\"Espa\u00f1ol\">European Spanish<\/a>.<\/p>\n","protected":false},"author":2,"featured_media":5663,"comment_status":"closed","ping_status":"closed","sticky":false,"template":"","format":"standard","meta":{"_et_pb_use_builder":"on","_et_pb_old_content":"<h1 style=\"text-align: center;\">N\u00e1utica AZA vuelve a D\u00fcsseldorf<\/h1><h3 style=\"text-align: center;\">Nuestro equipo viaj\u00f3 a la ciudad alemana para anunciar varios lanzamientos de nuevos modelos de embarcaciones<\/h3><p>Del 21 al 29 de enero, los empleados de N\u00e1utica AZA atendieron a clientes y curiosos en diversos <em>stands<\/em> de la 54\u00aa edici\u00f3n del <strong>D\u00fcsseldorf Boot<\/strong>, es la feria de deportes n\u00e1uticos l\u00edder a nivel mundial. Toda la cadena de valor de la industria y los servicios n\u00e1uticos se dan cita en este evento anual que atrae cada a\u00f1o a profesionales y compradores de todo el mundo.<\/p><p><img class=\"wp-image-5656 alignleft\" style=\"text-align: center;\" src=\"https:\/\/grupoaza.es\/wp-content\/uploads\/2023\/02\/Jeanneau-DB37-IB-1-1024x683.png\" alt=\"N\u00e1utica AZA, D\u00fcsseldorf boot 2023, \" width=\"536\" height=\"357\" \/><\/p><p>En el D\u00fcsseldorf Boot, nuestro proveedor Jeanneau expuso sus gamas de motor y vela, y este a\u00f1o presenta el DB37: nuevo modelo que acompa\u00f1a al DB43 en su gama de <em>intraborda premium dayboat<\/em>.<\/p><p>\u00a0<\/p><p>\u00a0<\/p><p>\u00a0<\/p><p>\u00a0<\/p><p>\u00a0<\/p><p>\u00a0<\/p><p>\u00a0<\/p><p>\u00a0<\/p><p>\u00a0<\/p><p>\u00a0<\/p><p>Uno de los principales hitos de lo que va de a\u00f1o ha sido la adhesi\u00f3n a la <strong>red de Galeon<\/strong>, de la mano de <a href=\"https:\/\/donmarinoboats.es\/\">Don Marino Boats<\/a>, quien nos ha nombrado distribuidores exclusivos de la marca para la Comunidad Valenciana y Murcia. Estuvimos presentes en su <em>stand<\/em> del sal\u00f3n n\u00e1utico para conocer la gama expuesta y la novedad de este a\u00f1o: el Galeon 440 Fly.<\/p><p style=\"text-align: center;\"><img class=\"aligncenter  wp-image-5655\" src=\"https:\/\/grupoaza.es\/wp-content\/uploads\/2023\/02\/Juanma-GALEON-768x1024.jpg\" alt=\"D\u00fcsseldorf boot 2023 N\u00e1utica AZA\" width=\"465\" height=\"620\" \/><em>Juan Manuel Endrino, gerente de N\u00e1utica AZA, con XXXXXXXXXXXXXXXXXX junto al Galeon 440 Fly<\/em><\/p><p>\u00a0<\/p>"},"categories":[2],"tags":[],"_links":{"self":[{"href":"https:\/\/grupoaza.es\/en\/wp-json\/wp\/v2\/posts\/5654"}],"collection":[{"href":"https:\/\/grupoaza.es\/en\/wp-json\/wp\/v2\/posts"}],"about":[{"href":"https:\/\/grupoaza.es\/en\/wp-json\/wp\/v2\/types\/post"}],"author":[{"embeddable":true,"href":"https:\/\/grupoaza.es\/en\/wp-json\/wp\/v2\/users\/2"}],"replies":[{"embeddable":true,"href":"https:\/\/grupoaza.es\/en\/wp-json\/wp\/v2\/comments?post=5654"}],"version-history":[{"count":9,"href":"https:\/\/grupoaza.es\/en\/wp-json\/wp\/v2\/posts\/5654\/revisions"}],"predecessor-version":[{"id":5669,"href":"https:\/\/grupoaza.es\/en\/wp-json\/wp\/v2\/posts\/5654\/revisions\/5669"}],"wp:featuredmedia":[{"embeddable":true,"href":"https:\/\/grupoaza.es\/en\/wp-json\/wp\/v2\/media\/5663"}],"wp:attachment":[{"href":"https:\/\/grupoaza.es\/en\/wp-json\/wp\/v2\/media?parent=5654"}],"wp:term":[{"taxonomy":"category","embeddable":true,"href":"https:\/\/grupoaza.es\/en\/wp-json\/wp\/v2\/categories?post=5654"},{"taxonomy":"post_tag","embeddable":true,"href":"https:\/\/grupoaza.es\/en\/wp-json\/wp\/v2\/tags?post=5654"}],"curies":[{"name":"wp","href":"https:\/\/api.w.org\/{rel}","templated":true}]}}